{"id":23777,"date":"2025-04-15T19:43:43","date_gmt":"2025-04-15T17:43:43","guid":{"rendered":"https:\/\/pikineinfos.com\/?p=23777"},"modified":"2025-04-15T19:43:44","modified_gmt":"2025-04-15T17:43:44","slug":"fonds-covid-abdou-aziz-mbaye-et-les-150-millions-f-cfa-destines-aux-communicateurs-traditionnels","status":"publish","type":"post","link":"https:\/\/pikineinfos.com\/?p=23777","title":{"rendered":"Fonds Covid : Abdou Aziz Mbaye et les 150 millions F CFA destin\u00e9s aux communicateurs traditionnels"},"content":{"rendered":"\n<p>Interpell\u00e9 ce lundi, Abdou Aziz Mbaye est impliqu\u00e9 dans la gestion de 150 millions de francs Cfa allou\u00e9s aux communicateurs traditionnels en deux tranches. Selon ses d\u00e9clarations, reprises par Lib\u00e9ration, les fonds auraient \u00e9t\u00e9 distribu\u00e9s de mani\u00e8re \u00e9quitable selon des listes et montants d\u00e9cid\u00e9s par le sous-comit\u00e9 et les pr\u00e9sidents des r\u00e9gions, avec tous les justificatifs remis \u00e0 l\u2019ancien directeur de cabinet du ministre en charge.<br>Cependant, pointe le journal, plusieurs \u00e9l\u00e9ments mat\u00e9riels sugg\u00e8rent des irr\u00e9gularit\u00e9s dans la gestion de ces fonds, notamment l\u2019absence de proc\u00e8s-verbaux de fin de travaux et de crit\u00e8res d\u2019\u00e9ligibilit\u00e9 pour les b\u00e9n\u00e9ficiaires, remettant en cause la transparence de l\u2019op\u00e9ration.<\/p>\n","protected":false},"excerpt":{"rendered":"<p>Interpell\u00e9 ce lundi, Abdou Aziz Mbaye est impliqu\u00e9 dans la gestion de 150 millions de francs Cfa allou\u00e9s aux communicateurs traditionnels en deux tranches. Selon ses d\u00e9clarations, reprises par Lib\u00e9ration, les fonds auraient \u00e9t\u00e9 distribu\u00e9s de mani\u00e8re \u00e9quitable selon des listes et montants d\u00e9cid\u00e9s par le sous-comit\u00e9 et les pr\u00e9sidents des r\u00e9gions, avec tous les [&hellip;]<\/p>\n","protected":false},"author":1,"featured_media":23778,"comment_status":"open","ping_status":"open","sticky":false,"template":"","format":"standard","meta":{"footnotes":""},"categories":[4],"tags":[67],"class_list":["post-23777","post","type-post","status-publish","format-standard","has-post-thumbnail","hentry","category-lutte","tag-covid19"],"_links":{"self":[{"href":"https:\/\/pikineinfos.com\/index.php?rest_route=\/wp\/v2\/posts\/23777","targetHints":{"allow":["GET"]}}],"collection":[{"href":"https:\/\/pikineinfos.com\/index.php?rest_route=\/wp\/v2\/posts"}],"about":[{"href":"https:\/\/pikineinfos.com\/index.php?rest_route=\/wp\/v2\/types\/post"}],"author":[{"embeddable":true,"href":"https:\/\/pikineinfos.com\/index.php?rest_route=\/wp\/v2\/users\/1"}],"replies":[{"embeddable":true,"href":"https:\/\/pikineinfos.com\/index.php?rest_route=%2Fwp%2Fv2%2Fcomments&post=23777"}],"version-history":[{"count":1,"href":"https:\/\/pikineinfos.com\/index.php?rest_route=\/wp\/v2\/posts\/23777\/revisions"}],"predecessor-version":[{"id":23779,"href":"https:\/\/pikineinfos.com\/index.php?rest_route=\/wp\/v2\/posts\/23777\/revisions\/23779"}],"wp:featuredmedia":[{"embeddable":true,"href":"https:\/\/pikineinfos.com\/index.php?rest_route=\/wp\/v2\/media\/23778"}],"wp:attachment":[{"href":"https:\/\/pikineinfos.com\/index.php?rest_route=%2Fwp%2Fv2%2Fmedia&parent=23777"}],"wp:term":[{"taxonomy":"category","embeddable":true,"href":"https:\/\/pikineinfos.com\/index.php?rest_route=%2Fwp%2Fv2%2Fcategories&post=23777"},{"taxonomy":"post_tag","embeddable":true,"href":"https:\/\/pikineinfos.com\/index.php?rest_route=%2Fwp%2Fv2%2Ftags&post=23777"}],"curies":[{"name":"wp","href":"https:\/\/api.w.org\/{rel}","templated":true}]}}